{"id":749,"date":"2020-08-15T12:10:21","date_gmt":"2020-08-15T10:10:21","guid":{"rendered":"https:\/\/touringbymeikel.de\/wordpress\/?p=749"},"modified":"2020-08-15T18:09:04","modified_gmt":"2020-08-15T16:09:04","slug":"der-saisonausklang-wirft-seine-schatten-voraus","status":"publish","type":"post","link":"https:\/\/touringbymeikel.de\/wordpress\/2020\/08\/15\/der-saisonausklang-wirft-seine-schatten-voraus\/","title":{"rendered":"Der Saisonausklang wirft seine Schatten voraus"},"content":{"rendered":"<h3>17. bis 20.09.2020 Landhotel Kristall in Bad Marienberg<\/h3>\n<p>es ist nicht mehr so lang hin und wir starten (3x auf Holz klopfen) unser diesj\u00e4hriges Hauptevent.<\/p>\n<p><!--more--><\/p>\n<p>Corona hat uns ja das geplante Pfingsttreffen geh\u00f6rig verhagelt, umsomehr freuen wir uns jetzt auf den Saisonausklang.<br \/>\nViele Kilometer sind f\u00fcr uns wegen des Virus auch nicht zusammengekommen, HomeOffice, die Bayrischen Einschr\u00e4nkungen taten ein \u00fcbriges dazu.<br \/>\nAlso hoffen wir jetzt auf sch\u00f6ne Touren bei trockenem, angenehmen Wetter im Westerwald.<br \/>\nAm WE vom 08.\/09. August waren wir f\u00fcr letzte Absprachen nochmal im Hotel vor Ort. Wie erwartet hat sich nichts ver\u00e4ndert und wir k\u00f6nnen uns auf das Hotel, gutes Essen und Getr\u00e4nke, saubere sch\u00f6ne Zimmer, usw. freuen.<\/p>\n<p>Nat\u00fcrlich haben wir die Gelegenheit auch genutzt um Teile der geplanten Strecken zu checken.<br \/>\nIch sag mal so, es sieht gut aus, Baustellen sind auf den geplanten Routen bisher nicht auszumachen.<br \/>\nDie Strecken sind gg\u00fc. dem Vorjahr ein wenig eingek\u00fcrzt so das uns f\u00fcr Pausen am Niederwald-Denkmal und auf der Festung Ehrenbreitenstein mehr Zeit f\u00fcr Sightseeing zur Verf\u00fcgung steht.<br \/>\nTrotzdem werden wir uns Kurvenm\u00e4\u00dfig schwindlig fahren k\u00f6nnen.<\/p>\n<p>Also, dann bis bald und bleibt alle Gesund<\/p>\n<p>Elke &amp; Micha<\/p>\n","protected":false},"excerpt":{"rendered":"<p>17. bis 20.09.2020 Landhotel Kristall in Bad Marienberg es ist nicht mehr so lang hin und wir starten (3x auf Holz klopfen) unser diesj\u00e4hriges Hauptevent.<\/p>\n","protected":false},"author":1,"featured_media":563,"comment_status":"open","ping_status":"closed","sticky":false,"template":"","format":"standard","meta":{"footnotes":""},"categories":[1,14],"tags":[],"class_list":["post-749","post","type-post","status-publish","format-standard","has-post-thumbnail","hentry","category-allgemein","category-touren"],"_links":{"self":[{"href":"https:\/\/touringbymeikel.de\/wordpress\/wp-json\/wp\/v2\/posts\/749","targetHints":{"allow":["GET"]}}],"collection":[{"href":"https:\/\/touringbymeikel.de\/wordpress\/wp-json\/wp\/v2\/posts"}],"about":[{"href":"https:\/\/touringbymeikel.de\/wordpress\/wp-json\/wp\/v2\/types\/post"}],"author":[{"embeddable":true,"href":"https:\/\/touringbymeikel.de\/wordpress\/wp-json\/wp\/v2\/users\/1"}],"replies":[{"embeddable":true,"href":"https:\/\/touringbymeikel.de\/wordpress\/wp-json\/wp\/v2\/comments?post=749"}],"version-history":[{"count":6,"href":"https:\/\/touringbymeikel.de\/wordpress\/wp-json\/wp\/v2\/posts\/749\/revisions"}],"predecessor-version":[{"id":755,"href":"https:\/\/touringbymeikel.de\/wordpress\/wp-json\/wp\/v2\/posts\/749\/revisions\/755"}],"wp:featuredmedia":[{"embeddable":true,"href":"https:\/\/touringbymeikel.de\/wordpress\/wp-json\/wp\/v2\/media\/563"}],"wp:attachment":[{"href":"https:\/\/touringbymeikel.de\/wordpress\/wp-json\/wp\/v2\/media?parent=749"}],"wp:term":[{"taxonomy":"category","embeddable":true,"href":"https:\/\/touringbymeikel.de\/wordpress\/wp-json\/wp\/v2\/categories?post=749"},{"taxonomy":"post_tag","embeddable":true,"href":"https:\/\/touringbymeikel.de\/wordpress\/wp-json\/wp\/v2\/tags?post=749"}],"curies":[{"name":"wp","href":"https:\/\/api.w.org\/{rel}","templated":true}]}}